{"id":10095,"date":"2011-08-02T23:13:11","date_gmt":"2011-08-02T21:13:11","guid":{"rendered":"http:\/\/www.andreas-edler.de\/blog\/?p=10095"},"modified":"2011-08-02T23:13:11","modified_gmt":"2011-08-02T21:13:11","slug":"oberlubber-bergsee","status":"publish","type":"post","link":"https:\/\/www.andreas-edler.de\/blog\/2011\/08\/oberlubber-bergsee\/","title":{"rendered":"Oberl\u00fcbber Bergsee"},"content":{"rendered":"<p>Ich habe den See irgendwann mal auf Google Earth entdeckt und war ganz erstaunt soetwas hier in der N\u00e4he zu finden. Es gibt sogar eine eigene Wikipedia-Seite f\u00fcr den Oberl\u00fcbber Bergsee. Klaro dass ich dort einmal hin musste. Bisher habe ich die Richtung bei meinen Touren aber immer ausgespart &#8211; habe irgendwie keine Affinit\u00e4t zu der Mindener bzw. L\u00fcbbecker Seite des Wiehengebirges. Aber der See macht mich neugierig. Also heute mal los. Ist ja echt nur ein Katzensprung. Knapp 13 Kilometer. <\/p>\n<p style=\"text-align:center;font-size: smaller;\"><img decoding=\"async\" src=\"http:\/\/www.andreas-edler.de\/grafik\/blog_2011\/20110802_oberluebber_bergsee_1.jpg\" width=\"470\" border=\"0\" alt=\"\" title=\"\"><\/p>\n<p> Bin zwar erst eine Abfahrt zu weit geradelt, das waren aber keine 500 Meter Umweg &#8211; und ich meine mich zu erinnern, doch schon mal diese Stra\u00dfen gefahren zu sein. Das letzte St\u00fcckchen im Wald hoch zum See ist ganz sch\u00f6n steil, ich musste aber nicht absteigen ;-) Restasphalt sei Dank! <\/p>\n<p style=\"text-align:center;font-size: smaller;\"><img decoding=\"async\" src=\"http:\/\/www.andreas-edler.de\/grafik\/blog_2011\/20110802_oberluebber_bergsee_2.jpg\" width=\"470\" border=\"0\" alt=\"\" title=\"\"><\/p>\n<p> Der See ist nicht atemberaubend, liegt aber doch ganz sch\u00f6n und gef\u00e4llt mit seinem klaren, gr\u00fcnen Wasser. Leider war nicht so viel Wasser drin. Und ganz ans Ufer kommt man auch nicht. Jedenfalls nicht, ohne das Rad irgendwo liegen zu lassen. <\/p>\n<p>Bin dann noch ein bisschen durch den Berg gefahren und nach &#8217;ner halben Stunde habe ich den R\u00fcckweg angetreten. Habe kurz bei den Schwiegereltern angehalten und mir dann noch in Eidinghausen die Trasse der Nordumgehung angesehen. <\/p>\n<p style=\"text-align:center;font-size: smaller;\"><img decoding=\"async\" src=\"http:\/\/www.andreas-edler.de\/grafik\/blog_2011\/20110802_nordumgehung_trasse.jpg\" width=\"470\" border=\"0\" alt=\"\" title=\"\"><\/p>\n<p> Da oben an der Nordstrasse sieht es tats\u00e4chlich schon ziemlich fertig aus. Und es ist ein riesiger Graben, der dort in die Landschaft gew\u00fchlt wurde! In <a href=\"https:\/\/picasaweb.google.com\/a.edler\/NordumgehungA30nBadOeynhausen\">Picasa<\/a> sind wieder ein bisschen mehr als ein Dutzend neuer Fotos dazu gekommen. <\/p>\n<p style=\"text-align:center;font-size: smaller;\"><img decoding=\"async\" src=\"http:\/\/www.andreas-edler.de\/grafik\/blog_2011\/20110802_nordumgehung_trasse_2.jpg\" width=\"470\" border=\"0\" alt=\"\" title=\"\"><\/p>\n<p> Und dann ganz gem\u00fctlich nach Hause. Morgen abend soll es ja schon wieder feucht, kalt und ungem\u00fctlich werden. Sch\u00f6ne Runde!<\/p>\n<p>27,2 Km | 18,4 Km\/h Schnitt | 50,1 Km\/h max. | 378 H\u00f6henmeter<\/p>\n","protected":false},"excerpt":{"rendered":"<p>Ich habe den See irgendwann mal auf Google Earth entdeckt und war ganz erstaunt soetwas hier in der N\u00e4he zu finden. Es gibt sogar eine eigene Wikipedia-Seite f\u00fcr den Oberl\u00fcbber Bergsee. Klaro dass ich dort einmal hin musste. Bisher habe &hellip;<\/p>\n<p class=\"read-more\"> <a class=\"more-link\" href=\"https:\/\/www.andreas-edler.de\/blog\/2011\/08\/oberlubber-bergsee\/\"> <span class=\"screen-reader-text\">Oberl\u00fcbber Bergsee<\/span> Weiterlesen &raquo;<\/a><\/p>\n","protected":false},"author":1,"featured_media":0,"comment_status":"open","ping_status":"open","sticky":false,"template":"","format":"standard","meta":{"ngg_post_thumbnail":0,"activitypub_content_warning":"","activitypub_content_visibility":"","activitypub_max_image_attachments":2,"activitypub_interaction_policy_quote":"anyone","activitypub_status":"","footnotes":""},"categories":[15],"tags":[5],"class_list":["post-10095","post","type-post","status-publish","format-standard","hentry","category-fahrrad","tag-unterwegs"],"share_on_mastodon":{"url":"","error":""},"_links":{"self":[{"href":"https:\/\/www.andreas-edler.de\/blog\/wp-json\/wp\/v2\/posts\/10095","targetHints":{"allow":["GET"]}}],"collection":[{"href":"https:\/\/www.andreas-edler.de\/blog\/wp-json\/wp\/v2\/posts"}],"about":[{"href":"https:\/\/www.andreas-edler.de\/blog\/wp-json\/wp\/v2\/types\/post"}],"author":[{"embeddable":true,"href":"https:\/\/www.andreas-edler.de\/blog\/wp-json\/wp\/v2\/users\/1"}],"replies":[{"embeddable":true,"href":"https:\/\/www.andreas-edler.de\/blog\/wp-json\/wp\/v2\/comments?post=10095"}],"version-history":[{"count":0,"href":"https:\/\/www.andreas-edler.de\/blog\/wp-json\/wp\/v2\/posts\/10095\/revisions"}],"wp:attachment":[{"href":"https:\/\/www.andreas-edler.de\/blog\/wp-json\/wp\/v2\/media?parent=10095"}],"wp:term":[{"taxonomy":"category","embeddable":true,"href":"https:\/\/www.andreas-edler.de\/blog\/wp-json\/wp\/v2\/categories?post=10095"},{"taxonomy":"post_tag","embeddable":true,"href":"https:\/\/www.andreas-edler.de\/blog\/wp-json\/wp\/v2\/tags?post=10095"}],"curies":[{"name":"wp","href":"https:\/\/api.w.org\/{rel}","templated":true}]}}